{"id":10759,"date":"2024-12-03T09:55:54","date_gmt":"2024-12-03T08:55:54","guid":{"rendered":"https:\/\/www.vidimiramare.com\/unkategorisiert\/jesolo-beach-kite-festival-parlano-di-noi\/"},"modified":"2024-10-25T12:07:33","modified_gmt":"2024-10-25T10:07:33","slug":"jesolo-beach-kite-festival-parlano-di-noi","status":"publish","type":"post","link":"https:\/\/www.vidimiramare.com\/de\/unkategorisiert\/jesolo-beach-kite-festival-parlano-di-noi\/","title":{"rendered":"Jesolo Beach &amp; Kite Festival: Man spricht \u00fcber uns"},"content":{"rendered":"\n<p class=\"wp-block-paragraph\">Auch dieses Jahr wird der Himmel von Jesolo Lido zur Kulisse f\u00fcr ein spektakul\u00e4res Ereignis: das Beach &amp; Kite Festival, das gr\u00f6\u00dfte Drachenfestival Italiens. Vom 4. bis 6. April 2025 werden mehr als 200 Profis zusammen mit zahlreichen Enthusiasten aus der ganzen Welt eine noch nie dagewesene Show bieten.<\/p>\n\n\n\n<p class=\"wp-block-paragraph\">Das Hotel Vidi Miramare &amp; Delfino, unser <a href=\"https:\/\/www.vidimiramare.com\/de\/leistungen\/pool-lounge-bar\/\">4-sterne-superior-hotel in jesolo mit schwimmbad<\/a>, hatte bereits im 2023 die Ehre, in einem Artikel der renommierten deutschen Zeitschrift D.C. Paderborn erw\u00e4hnt zu werden.<\/p>\n\n\n\n<p class=\"wp-block-paragraph\">Der Artikel hebt den bemerkenswerten Erfolg des JESOLO BEACH &amp; KITE FESTIVAL hervor; ein au\u00dfergew\u00f6hnliches Ereignis, das vom 31. M\u00e4rz bis zum 2. April 2023 am Strand vor unserem Hotel stattfand.<\/p>\n\n\n\n<p class=\"wp-block-paragraph\">Die Erw\u00e4hnung neben Filippo Gallina, einer herausragenden Pers\u00f6nlichkeit des Festivals, zu erhalten, erf\u00fcllt uns mit enormem Stolz. Dank einer erfolgreichen Zusammenarbeit mit ihm konnten wir das Festival an unseren bezaubernden Strand bringen und allen Teilnehmern ein unvergessliches Erlebnis bieten.<\/p>\n\n\n\n<p class=\"wp-block-paragraph\">Die Entstehung dieses Festivals beruht auf eine faszinierende und leidenschaftliche Geschichte, auf die wir besonders stolz sind, und wo wir von Anfang an als Hauptakteure mit dabei waren. Jedes Jahr gewinnt das Jesolo Beach &amp; Kite Festival an Popularit\u00e4t und Prestige, zieht eine wachsende Anzahl von Besuchern aus aller Welt an und hat sich mittlerweile als eines der meisterwarteten Ereignisse in der Region etabliert.<\/p>\n\n\n\n<p class=\"wp-block-paragraph\">Wir laden Sie ein, den Artikel von D.C. Paderborn zu lesen, der die au\u00dfergew\u00f6hnliche Geschichte des Jesolo Beach &amp; Kite Festivals erz\u00e4hlt:<\/p>\n\n\n\n<p class=\"wp-block-paragraph\"><em>\u201cFast aus dem Nichts wurde in Jesolo in Italien Drachenfestgeschichte geschrieben!<\/em><\/p>\n\n\n\n<p class=\"wp-block-paragraph\"><em>Filippo Gallina, italienischer Drachenbauer und Mitveranstalter des Drachenfestes in Jesolo, lie\u00df es sich nicht nehmen, jeden anreisenden Gast pers\u00f6nlich am Flughafen Venedig abzuholen. Auf dem Weg zum Hotel erz\u00e4hlte er mir die verr\u00fcckte Entstehungsgeschichte dieses Drachenfestes.<\/em><\/p>\n\n\n\n<p class=\"wp-block-paragraph\"><em>Vor \u00fcber 10 Jahren hatte er an dem riesigem Strand seine Drachen steigen lassen und damit die Aufmerksamkeit eines Hoteliers geweckt. Andrea, der Sohn des Besitzers vom Hotel \u201aVidi Miramare und Delfino\u2018 in Jesolo, direkt gegen\u00fcber am Strand gelegen beobachtete eine Weile wie Filippo mit seinen stablosen Gro\u00dfdrachen im Wind k\u00e4mpfte und spielte. Andrea war fasziniert und kam neugierig und auf ihn zu. Die beiden kamen ins Gespr\u00e4ch und trotz tausender Fragen und dem immer st\u00e4rker werdenden kalten Wind, freundeten sich die beiden jungen M\u00e4nner sofort an. Sie verbrachten nur ca. eine Stunde zusammen, aber genug Zeit, um eine Idee in Andreas Herz zu entfachen: ein Drachenfestival zu planen, und damit ein neues Event zur Belebung der touristischen Vorsaison zu schaffen. Der Strand bot durchaus alle Voraussetzungen, das spektakul\u00e4rste und gr\u00f6\u00dfte in Italien zu werden. Andrea geriet ins Schw\u00e4rmen und stellte sich einen Himmel voller bunter Drachen vor, riesige Akrobaten der L\u00fcfte, die die Sorglosigkeit der Kindheit heraufbeschw\u00f6ren. \u2026<\/em><\/p>\n\n\n\n<p class=\"wp-block-paragraph\"><em>Die beiden gingen auseinander und ihre Begegnung am Strand war fast vergessen. Filippo und Andrea hatten sich aus den Augen verloren und keine Kontaktinformationen ausgetauscht. Andrea hatte die Idee aber nicht lockergelassen und so suchte er acht Jahre sp\u00e4ter, via Social-Media verzweifelt im Internet nach Filippo. Nachdem sie sich wieder gefunden hatten, lud Andrea ihn nach Jesolo ein, um ihm seine Idee nochmals zu erkl\u00e4ren und konkrete Planungen zu machen. Andrea berichtete von seinem Wunsch, etwas Neues f\u00fcr seinen Strand zu schaffen, ein Ereignis, das hier noch nie jemand gesehen hatte und das die Besucher von Jesolo unterhalten sollte. Dabei hatte er nicht nur an Gro\u00dfdrachen gedacht, sondern auch Lenkdrachen und Aeroskulpturen, ein Kite + Beachfestival. Filippo, hatte noch nie Drachenfeste organisiert, sondern nur daran teilgenommen, hatte dadurch aber die n\u00f6tigen Kontakte zu vielen Drachenfliegern. Andrea war von seiner Idee so \u00fcberzeugt, dass es ihm gelang, Filippo zu begeistern. So organisierten sie im Herbst 2021 ein erstes italienisches Drachentreffen und im Fr\u00fchjahr 2022 mit Hilfe einiger Drachenfreunde ein kleines internationales Fest direkt vor Andreas Hotel. Ohne daf\u00fcr Werbung gemacht zu haben, war dieses Probefest ein gro\u00dfer Erfolg. Andrea hatte einige Leute von der Gemeinde und Hoteliers dazu eingeladen, um das Potenzial der Veranstaltung zu zeigen: Es war Liebe auf den ersten Blick und alle waren begeistert! Niemand h\u00e4tte ahnen k\u00f6nnen, dass dies nun der Beginn war, in K\u00fcrze das gr\u00f6\u00dfte Drachenfestival Italiens zu organisieren!<\/em><\/p>\n\n\n\n<p class=\"wp-block-paragraph\"><em>Das Strand- und Drachenfestival JESOLO wird vom 31. M\u00e4rz \/ 1.-2. April 2023 Realit\u00e4t!<\/em><\/p>\n\n\n\n<p class=\"wp-block-paragraph\"><em>Filippo hatte 268 Drachenflieger aus der gesamten Welt eingeladen und 1 \u00bd Kilometer des unendlichen Strandes wurden f\u00fcr das Festival pr\u00e4pariert. Drachenflieger der folgenden L\u00e4nder: Italien, Deutschland, Schweiz, Niederlande, Gro\u00dfbritannien, Frankreich, Belgien, Malta, Kolumbien, Dubai, Slowenien, Thailand, Ukraine, \u00d6sterreich und Kanada\u2026 sollten den Strand mit den Farben ihrer fantastischen Drachen f\u00fcllen. Der Himmel von Jesolo begr\u00fc\u00dfte den Fr\u00fchling mit dem ersten gro\u00dfen Beach-Event des Jahres!<\/em><\/p>\n\n\n\n<p class=\"wp-block-paragraph\"><em>Es gab gro\u00dfe Flugfelder f\u00fcr Lenkdrachenvorf\u00fchrungen, Einleinerdrachen, Aeroskulpturen, sowie f\u00fcr stablose Gro\u00dfdrachen (diese Feld war mit 150 Betonbl\u00f6cken a 7 Tonnen, als Bodenanker best\u00fcckt).<\/em><\/p>\n\n\n\n<p class=\"wp-block-paragraph\"><em>War es am Freitag noch eher grau und unbest\u00e4ndiger Wind, sollte der Samstag alles zeigen, was die Drachentaschen hergaben. Der Himmel war voll und alles flog perfekt nebeneinander! Die Taschen wurden geleert! Bei super Wetter genossen an dem Wochenende \u00fcber 100 000 Menschen das bunte Treiben am Strand. Einhunderttausend Besucher f\u00fcr ein 1. Drachenfestival, ist schon eine echte Hausnummer und kaum zu \u00fcberbieten! Es war ein riesiger Erfolg, der auch entsprechend in den Medien publiziert wurde. Der Traum von Andrea und Filippo war endlich wahr geworden!<\/em><\/p>\n\n\n\n<p class=\"wp-block-paragraph\"><em>Partner und Sponsoren WER HAT DAS PROJEKT M\u00d6GLICH GEMACHT?<\/em><\/p>\n\n\n\n<p class=\"wp-block-paragraph\"><em>Es w\u00e4re nicht m\u00f6glich gewesen ohne die Unterst\u00fctzung des Stadtrats, der an die Veranstaltung geglaubt hatte, &#8211; des Marconi-Komitee, das dank seiner Rettungsschwimmer den Strand tadellos vorbereitet hatte, &#8211; AJA, das Unterst\u00fctzung bei der Aufnahme der eingeladenen Drachenflieger geleistet hatte, -mehrere Hotels, die Zimmer f\u00fcr die Drachenflieger zur Verf\u00fcgung stellten, und die Federconsorzi Arenili Lido di Jesolo.<\/em><\/p>\n\n\n\n<p class=\"wp-block-paragraph\"><em>Das Festival war noch nicht beendet, da wurden schon Anregungen und Verbesserungen gesammelt. Doch eines war sofort klar: Im n\u00e4chsten Jahr wird es noch gr\u00f6\u00dfer!\u201c<\/em><\/p>\n\n\n\n<p class=\"wp-block-paragraph\">Wir m\u00f6chten unsere tiefste Dankbarkeit gegen\u00fcber <a href=\"https:\/\/dc-paderborn.de\/\">D.C. Paderborn<\/a> ausdr\u00fccken, denn unsere engagierte Arbeit wurde anerkannt, um das Jesolo Beach &amp; Kite Festival zu einem au\u00dfergew\u00f6hnlichen Event zu machen. Wir freuen uns darauf, unsere Zusammenarbeit mit Filippo Gallina und allen anderen Partnern fortzusetzen, um das Festival in den kommenden Jahren noch unvergesslicher zu gestalten.<\/p>\n\n\n\n<p class=\"wp-block-paragraph\">Herzlichen Dank!<\/p>\n","protected":false},"excerpt":{"rendered":"<p>Auch dieses Jahr wird der Himmel von Jesolo Lido zur Kulisse f\u00fcr ein spektakul\u00e4res Ereignis: das Beach &amp; Kite Festival, das gr\u00f6\u00dfte Drachenfestival Italiens. Vom 4. bis 6. April 2025 werden mehr als 200 Profis zusammen mit zahlreichen Enthusiasten aus der ganzen Welt eine noch nie dagewesene Show bieten. Das Hotel Vidi Miramare &amp; Delfino, unser 4-sterne-superior-hotel in jesolo mit schwimmbad, hatte bereits im 2023 die Ehre, in einem Artikel der renommierten deutschen Zeitschrift D.C. Paderborn erw\u00e4hnt zu werden. Der Artikel hebt den bemerkenswerten Erfolg des JESOLO BEACH &amp; KITE FESTIVAL hervor; ein au\u00dfergew\u00f6hnliches Ereignis, das vom 31. M\u00e4rz bis zum 2. April 2023 am Strand vor unserem Hotel stattfand. Die Erw\u00e4hnung neben Filippo Gallina, einer herausragenden Pers\u00f6nlichkeit des Festivals, zu erhalten, erf\u00fcllt uns mit enormem Stolz. Dank einer erfolgreichen Zusammenarbeit mit ihm konnten wir das Festival an unseren bezaubernden Strand bringen und allen Teilnehmern ein unvergessliches Erlebnis bieten. Die Entstehung dieses Festivals beruht auf eine faszinierende und leidenschaftliche Geschichte, auf die wir besonders stolz sind, und wo wir von Anfang an als Hauptakteure mit dabei waren. Jedes Jahr gewinnt das Jesolo Beach &amp; Kite Festival an Popularit\u00e4t und Prestige, zieht eine wachsende Anzahl von Besuchern aus aller Welt an [&hellip;]<\/p>\n","protected":false},"author":1,"featured_media":9363,"comment_status":"closed","ping_status":"open","sticky":false,"template":"","format":"standard","meta":{"_acf_changed":false,"inline_featured_image":false,"footnotes":""},"categories":[83],"tags":[],"class_list":["post-10759","post","type-post","status-publish","format-standard","has-post-thumbnail","hentry","category-unkategorisiert"],"acf":[],"yoast_head":"<!-- This site is optimized with the Yoast SEO plugin v27.8 - https:\/\/yoast.com\/product\/yoast-seo-wordpress\/ -->\n<title>Man spricht \u00fcber das Beach Kite Festival in Jesolo \u2013 Hotel Vidi Miramare<\/title>\n<meta name=\"description\" content=\"D.C.Paderborn hat \u00fcber das Beach Kite Festival in Jesolo und das Hotel Vidi Miramare &amp; Delfino erz\u00e4hlt. Lesen Sie mehr dazu und kommen Sie uns besuchen!\" \/>\n<meta name=\"robots\" content=\"index, follow, max-snippet:-1, max-image-preview:large, max-video-preview:-1\" \/>\n<link rel=\"canonical\" href=\"https:\/\/www.vidimiramare.com\/de\/unkategorisiert\/jesolo-beach-kite-festival-parlano-di-noi\/\" \/>\n<meta property=\"og:locale\" content=\"de_DE\" \/>\n<meta property=\"og:type\" content=\"article\" \/>\n<meta property=\"og:title\" content=\"Man spricht \u00fcber das Beach Kite Festival in Jesolo \u2013 Hotel Vidi Miramare\" \/>\n<meta property=\"og:description\" content=\"D.C.Paderborn hat \u00fcber das Beach Kite Festival in Jesolo und das Hotel Vidi Miramare &amp; Delfino erz\u00e4hlt. Lesen Sie mehr dazu und kommen Sie uns besuchen!\" \/>\n<meta property=\"og:url\" content=\"https:\/\/www.vidimiramare.com\/de\/unkategorisiert\/jesolo-beach-kite-festival-parlano-di-noi\/\" \/>\n<meta property=\"og:site_name\" content=\"Hotel Vidi Miramare\" \/>\n<meta property=\"article:publisher\" content=\"https:\/\/www.facebook.com\/vidimiramare\/\" \/>\n<meta property=\"article:published_time\" content=\"2024-12-03T08:55:54+00:00\" \/>\n<meta property=\"og:image\" content=\"https:\/\/www.vidimiramare.com\/wp-content\/uploads\/2023\/05\/1-1.jpg\" \/>\n\t<meta property=\"og:image:width\" content=\"1920\" \/>\n\t<meta property=\"og:image:height\" content=\"1370\" \/>\n\t<meta property=\"og:image:type\" content=\"image\/jpeg\" \/>\n<meta name=\"author\" content=\"mmone\" \/>\n<meta name=\"twitter:card\" content=\"summary_large_image\" \/>\n<meta name=\"twitter:label1\" content=\"Verfasst von\" \/>\n\t<meta name=\"twitter:data1\" content=\"mmone\" \/>\n\t<meta name=\"twitter:label2\" content=\"Gesch\u00e4tzte Lesezeit\" \/>\n\t<meta name=\"twitter:data2\" content=\"6\u00a0Minuten\" \/>\n<!-- \/ Yoast SEO plugin. -->","yoast_head_json":{"title":"Man spricht \u00fcber das Beach Kite Festival in Jesolo \u2013 Hotel Vidi Miramare","description":"D.C.Paderborn hat \u00fcber das Beach Kite Festival in Jesolo und das Hotel Vidi Miramare & Delfino erz\u00e4hlt. Lesen Sie mehr dazu und kommen Sie uns besuchen!","robots":{"index":"index","follow":"follow","max-snippet":"max-snippet:-1","max-image-preview":"max-image-preview:large","max-video-preview":"max-video-preview:-1"},"canonical":"https:\/\/www.vidimiramare.com\/de\/unkategorisiert\/jesolo-beach-kite-festival-parlano-di-noi\/","og_locale":"de_DE","og_type":"article","og_title":"Man spricht \u00fcber das Beach Kite Festival in Jesolo \u2013 Hotel Vidi Miramare","og_description":"D.C.Paderborn hat \u00fcber das Beach Kite Festival in Jesolo und das Hotel Vidi Miramare & Delfino erz\u00e4hlt. Lesen Sie mehr dazu und kommen Sie uns besuchen!","og_url":"https:\/\/www.vidimiramare.com\/de\/unkategorisiert\/jesolo-beach-kite-festival-parlano-di-noi\/","og_site_name":"Hotel Vidi Miramare","article_publisher":"https:\/\/www.facebook.com\/vidimiramare\/","article_published_time":"2024-12-03T08:55:54+00:00","og_image":[{"width":1920,"height":1370,"url":"https:\/\/www.vidimiramare.com\/wp-content\/uploads\/2023\/05\/1-1.jpg","type":"image\/jpeg"}],"author":"mmone","twitter_card":"summary_large_image","twitter_misc":{"Verfasst von":"mmone","Gesch\u00e4tzte Lesezeit":"6\u00a0Minuten"},"schema":{"@context":"https:\/\/schema.org","@graph":[{"@type":["Article","BlogPosting"],"@id":"https:\/\/www.vidimiramare.com\/de\/unkategorisiert\/jesolo-beach-kite-festival-parlano-di-noi\/#article","isPartOf":{"@id":"https:\/\/www.vidimiramare.com\/de\/unkategorisiert\/jesolo-beach-kite-festival-parlano-di-noi\/"},"author":{"name":"mmone","@id":"https:\/\/www.vidimiramare.com\/de\/#\/schema\/person\/88b257783281ab006ce755ec60ec8af8"},"headline":"Jesolo Beach &amp; Kite Festival: Man spricht \u00fcber uns","datePublished":"2024-12-03T08:55:54+00:00","mainEntityOfPage":{"@id":"https:\/\/www.vidimiramare.com\/de\/unkategorisiert\/jesolo-beach-kite-festival-parlano-di-noi\/"},"wordCount":1071,"publisher":{"@id":"https:\/\/www.vidimiramare.com\/de\/#organization"},"image":{"@id":"https:\/\/www.vidimiramare.com\/de\/unkategorisiert\/jesolo-beach-kite-festival-parlano-di-noi\/#primaryimage"},"thumbnailUrl":"https:\/\/www.vidimiramare.com\/wp-content\/uploads\/2023\/05\/1-1.jpg","articleSection":["Unkategorisiert"],"inLanguage":"de"},{"@type":"WebPage","@id":"https:\/\/www.vidimiramare.com\/de\/unkategorisiert\/jesolo-beach-kite-festival-parlano-di-noi\/","url":"https:\/\/www.vidimiramare.com\/de\/unkategorisiert\/jesolo-beach-kite-festival-parlano-di-noi\/","name":"Man spricht \u00fcber das Beach Kite Festival in Jesolo \u2013 Hotel Vidi Miramare","isPartOf":{"@id":"https:\/\/www.vidimiramare.com\/de\/#website"},"primaryImageOfPage":{"@id":"https:\/\/www.vidimiramare.com\/de\/unkategorisiert\/jesolo-beach-kite-festival-parlano-di-noi\/#primaryimage"},"image":{"@id":"https:\/\/www.vidimiramare.com\/de\/unkategorisiert\/jesolo-beach-kite-festival-parlano-di-noi\/#primaryimage"},"thumbnailUrl":"https:\/\/www.vidimiramare.com\/wp-content\/uploads\/2023\/05\/1-1.jpg","datePublished":"2024-12-03T08:55:54+00:00","description":"D.C.Paderborn hat \u00fcber das Beach Kite Festival in Jesolo und das Hotel Vidi Miramare & Delfino erz\u00e4hlt. Lesen Sie mehr dazu und kommen Sie uns besuchen!","breadcrumb":{"@id":"https:\/\/www.vidimiramare.com\/de\/unkategorisiert\/jesolo-beach-kite-festival-parlano-di-noi\/#breadcrumb"},"inLanguage":"de","potentialAction":[{"@type":"ReadAction","target":["https:\/\/www.vidimiramare.com\/de\/unkategorisiert\/jesolo-beach-kite-festival-parlano-di-noi\/"]}]},{"@type":"ImageObject","inLanguage":"de","@id":"https:\/\/www.vidimiramare.com\/de\/unkategorisiert\/jesolo-beach-kite-festival-parlano-di-noi\/#primaryimage","url":"https:\/\/www.vidimiramare.com\/wp-content\/uploads\/2023\/05\/1-1.jpg","contentUrl":"https:\/\/www.vidimiramare.com\/wp-content\/uploads\/2023\/05\/1-1.jpg","width":1920,"height":1370},{"@type":"BreadcrumbList","@id":"https:\/\/www.vidimiramare.com\/de\/unkategorisiert\/jesolo-beach-kite-festival-parlano-di-noi\/#breadcrumb","itemListElement":[{"@type":"ListItem","position":1,"name":"Home","item":"https:\/\/www.vidimiramare.com\/de\/"},{"@type":"ListItem","position":2,"name":"Jesolo Beach &amp; Kite Festival: Man spricht \u00fcber uns"}]},{"@type":"WebSite","@id":"https:\/\/www.vidimiramare.com\/de\/#website","url":"https:\/\/www.vidimiramare.com\/de\/","name":"Hotel Vidi Miramare & Delfino","description":"Un nuovo sito targato WordPress","publisher":{"@id":"https:\/\/www.vidimiramare.com\/de\/#organization"},"potentialAction":[{"@type":"SearchAction","target":{"@type":"EntryPoint","urlTemplate":"https:\/\/www.vidimiramare.com\/de\/?s={search_term_string}"},"query-input":{"@type":"PropertyValueSpecification","valueRequired":true,"valueName":"search_term_string"}}],"inLanguage":"de"},{"@type":"Organization","@id":"https:\/\/www.vidimiramare.com\/de\/#organization","name":"Hotel Vidi Miramare & Delfino","url":"https:\/\/www.vidimiramare.com\/de\/","logo":{"@type":"ImageObject","inLanguage":"de","@id":"https:\/\/www.vidimiramare.com\/de\/#\/schema\/logo\/image\/","url":"https:\/\/www.vidimiramare.com\/wp-content\/uploads\/2022\/09\/Hotel-VM.svg","contentUrl":"https:\/\/www.vidimiramare.com\/wp-content\/uploads\/2022\/09\/Hotel-VM.svg","width":60,"height":70,"caption":"Hotel Vidi Miramare & Delfino"},"image":{"@id":"https:\/\/www.vidimiramare.com\/de\/#\/schema\/logo\/image\/"},"sameAs":["https:\/\/www.facebook.com\/vidimiramare\/","https:\/\/www.instagram.com\/vidimiramare_delfino_jesolo\/"]},{"@type":"Person","@id":"https:\/\/www.vidimiramare.com\/de\/#\/schema\/person\/88b257783281ab006ce755ec60ec8af8","name":"mmone","image":{"@type":"ImageObject","inLanguage":"de","@id":"https:\/\/secure.gravatar.com\/avatar\/0dfcb65c5e704601a11fbeef4cc536edd20631d3f9d15d9ddde71eb50022d0f7?s=96&d=mm&r=g","url":"https:\/\/secure.gravatar.com\/avatar\/0dfcb65c5e704601a11fbeef4cc536edd20631d3f9d15d9ddde71eb50022d0f7?s=96&d=mm&r=g","contentUrl":"https:\/\/secure.gravatar.com\/avatar\/0dfcb65c5e704601a11fbeef4cc536edd20631d3f9d15d9ddde71eb50022d0f7?s=96&d=mm&r=g","caption":"mmone"},"sameAs":["https:\/\/vidimiramare.com"]}]}},"_links":{"self":[{"href":"https:\/\/www.vidimiramare.com\/de\/wp-json\/wp\/v2\/posts\/10759","targetHints":{"allow":["GET"]}}],"collection":[{"href":"https:\/\/www.vidimiramare.com\/de\/wp-json\/wp\/v2\/posts"}],"about":[{"href":"https:\/\/www.vidimiramare.com\/de\/wp-json\/wp\/v2\/types\/post"}],"author":[{"embeddable":true,"href":"https:\/\/www.vidimiramare.com\/de\/wp-json\/wp\/v2\/users\/1"}],"replies":[{"embeddable":true,"href":"https:\/\/www.vidimiramare.com\/de\/wp-json\/wp\/v2\/comments?post=10759"}],"version-history":[{"count":0,"href":"https:\/\/www.vidimiramare.com\/de\/wp-json\/wp\/v2\/posts\/10759\/revisions"}],"wp:featuredmedia":[{"embeddable":true,"href":"https:\/\/www.vidimiramare.com\/de\/wp-json\/wp\/v2\/media\/9363"}],"wp:attachment":[{"href":"https:\/\/www.vidimiramare.com\/de\/wp-json\/wp\/v2\/media?parent=10759"}],"wp:term":[{"taxonomy":"category","embeddable":true,"href":"https:\/\/www.vidimiramare.com\/de\/wp-json\/wp\/v2\/categories?post=10759"},{"taxonomy":"post_tag","embeddable":true,"href":"https:\/\/www.vidimiramare.com\/de\/wp-json\/wp\/v2\/tags?post=10759"}],"curies":[{"name":"wp","href":"https:\/\/api.w.org\/{rel}","templated":true}]}}